{"id":855,"date":"2021-09-28T10:25:58","date_gmt":"2021-09-28T10:25:58","guid":{"rendered":"https:\/\/www.mynametags.fr\/blog\/?p=855"},"modified":"2022-03-14T15:45:40","modified_gmt":"2022-03-14T15:45:40","slug":"pourquoi-les-etiquettes-personnalisees-sont-un-incontournable-de-lecole","status":"publish","type":"post","link":"https:\/\/www.mynametags.fr\/blog\/2021\/09\/pourquoi-les-etiquettes-personnalisees-sont-un-incontournable-de-lecole\/","title":{"rendered":"Pourquoi les \u00e9tiquettes personnalis\u00e9es sont un incontournable de l&#8217;\u00e9cole"},"content":{"rendered":"\n<figure class=\"wp-block-image size-large\"><img fetchpriority=\"high\" decoding=\"async\" width=\"1024\" height=\"683\" src=\"https:\/\/www.mynametags.fr\/blog\/wp-content\/uploads\/2021\/09\/IMG_2953-2-1024x683.jpg\" alt=\"\" class=\"wp-image-858\" srcset=\"https:\/\/www.mynametags.fr\/blog\/wp-content\/uploads\/2021\/09\/IMG_2953-2-1024x683.jpg 1024w, https:\/\/www.mynametags.fr\/blog\/wp-content\/uploads\/2021\/09\/IMG_2953-2-300x200.jpg 300w, https:\/\/www.mynametags.fr\/blog\/wp-content\/uploads\/2021\/09\/IMG_2953-2-768x512.jpg 768w, https:\/\/www.mynametags.fr\/blog\/wp-content\/uploads\/2021\/09\/IMG_2953-2-1536x1024.jpg 1536w, https:\/\/www.mynametags.fr\/blog\/wp-content\/uploads\/2021\/09\/IMG_2953-2.jpg 1920w\" sizes=\"(max-width: 1024px) 100vw, 1024px\" \/><\/figure>\n\n\n\n<p>\u00c9tiqueter les affaires de vos enfants pour l&#8217;\u00e9cole a toujours \u00e9t\u00e9 important. Une \u00e9tude pr\u00e9c\u00e9dente que nous avons faite a r\u00e9v\u00e9l\u00e9 que l&#8217;enfant perd en moyenne et de fa\u00e7on permanente neuf choses par ann\u00e9e scolaire. Si nous pensons \u00e0 environ 10 millions d&#8217;enfants d&#8217;\u00e2ge scolaire, cela repr\u00e9sente 90 millions d&#8217;objets perdus chaque ann\u00e9e. Cela a non seulement un impact n\u00e9gatif sur l&#8217;environnement, mais aussi un souci financier pour les parents qui doivent acheter des affaires de remplacement pour des articles qu&#8217;ils ont d\u00e9j\u00e0 achet\u00e9s une fois ! Si vous \u00eates l&#8217;un de ces parents, vous voudrez certainement lire la suite. Nous explorons les raisons pour lesquelles les \u00e9tiquettes personnalis\u00e9es <a href=\"https:\/\/www.mynametags.fr\/rentree-scolaire\">sont indispensables pour l&#8217;\u00e9cole.<\/a><\/p>\n\n\n\n<p><strong>Co\u00fbt<\/strong><\/p>\n\n\n\n<p>Les objets perdus sont un gros probl\u00e8me dans les \u00e9coles, et ce depuis tr\u00e8s longtemps, les enfants perdent toujours des objets, c&#8217;est naturel.&nbsp; Et si ces objets perdus \u00e9taient rendus aux enfants ? Ne serait-ce pas g\u00e9nial ? En moyenne, les parents d\u00e9pensent 2 000 \u20ac pour remplacer les objets perdus tout au long de la vie d&#8217;un enfant \u00e0 l&#8217;\u00e9cole. C&#8217;est une d\u00e9pense \u00e9norme en plus des frais scolaires existants. Une \u00e9tiquette personnalis\u00e9e aidera \u00e0 garantir que les affaires des enfants arrivent \u00e0 la maison, nos \u00e9tiquettes ont de la place pour 3 lignes de texte afin que le nom de l&#8217;enfant, la classe et le num\u00e9ro de t\u00e9l\u00e9phone des parents puissent tous \u00eatre ajout\u00e9s, augmentant consid\u00e9rablement les chances que cet article soit retourn\u00e9 \u00e0 son propri\u00e9taire.<\/p>\n\n\n\n<p><strong>S\u00e9curit\u00e9<\/strong><\/p>\n\n\n\n<p>Aujourd&#8217;hui plus que jamais, nous sommes conscients de la facilit\u00e9 avec laquelle les germes se propagent d&#8217;un \u00e9l\u00e9ment \u00e0 l&#8217;autre et lorsque nous pensons \u00e0 tout ce qu&#8217;un enfant touche \u00e0 l&#8217;\u00e9cole, cela nous montre \u00e0 quel point cela peut se produire facilement. L&#8217;ajout d&#8217;une \u00e9tiquette personnalis\u00e9e \u00e0 toutes les fournitures scolaires de votre enfant signifie qu&#8217;il pourra facilement identifier ses propres affaires et, esp\u00e9rons-le, les aidera \u00e0 ne pas toucher les affaires des autres.<\/p>\n\n\n\n<p><strong>D\u00e9chets<\/strong><\/p>\n\n\n\n<p>Les affaires non r\u00e9clam\u00e9es dans la bo\u00eete des objets trouv\u00e9s d&#8217;une \u00e9cole finissent par \u00eatre jet\u00e9es, ce qui, nous le savons, a un impact s\u00e9v\u00e8re sur l&#8217;environnement au fil du temps. De plus, lorsque vous achetez un article plusieurs fois, cela se traduit \u00e9galement par des ressources utilis\u00e9es pour produire chacune de ces choses. Nous pouvons aider \u00e0 r\u00e9duire la quantit\u00e9 de biens perdus qui sont gaspill\u00e9s en ajoutant une \u00e9tiquette nominative personnalis\u00e9e aux fournitures scolaires de nos enfants et \u00e0 d&#8217;autres objets. Lorsque les affaires sont \u00e9tiquet\u00e9es, elles sont beaucoup plus susceptibles d&#8217;\u00eatre retourn\u00e9es \u00e0 leurs propri\u00e9taires.<\/p>\n\n\n\n<p><strong>Les enfants peuvent cr\u00e9er leurs \u00e9tiquettes<\/strong>&nbsp;<\/p>\n\n\n\n<p>Les enfants ont la libert\u00e9 de cr\u00e9er une \u00e9tiquette qui leur est propre. Nous sommes fiers d&#8217;avoir des milliers de combinaisons de design possibles avec toutes sortes de dessins: des licornes et cupcakes aux tracteurs et ballons de football, ainsi que diff\u00e9rents arri\u00e8re-plans, polices et couleurs de caract\u00e8re, le choix est infini. Vous serez s\u00fbrement en mesure de cr\u00e9er une \u00e9tiquette que votre enfant adorera et qui en plus l&#8217;aidera \u00e0 faire en sorte que ses affaires reviennent \u00e0 la maison.<\/p>\n\n\n\n<p>Pour cr\u00e9er des \u00e9tiquettes personnalis\u00e9es pour votre enfant pour l&#8217;\u00e9cole, <a href=\"https:\/\/www.mynametags.fr\/creez-vos-etiquettes\">visitez notre site internet<\/a>.<\/p>\n\n\n\n<p>N&#8217;oubliez pas de suivre My Nametags sur les r\u00e9seaux sociaux, pour les derni\u00e8res nouvelles, les concours et plus encore.<br><\/p>\n","protected":false},"excerpt":{"rendered":"<p>\u00c9tiqueter les affaires de vos enfants pour l&#8217;\u00e9cole a toujours \u00e9t\u00e9 important. Une \u00e9tude pr\u00e9c\u00e9dente que nous avons faite a r\u00e9v\u00e9l\u00e9 que l&#8217;enfant perd en moyenne et de fa\u00e7on permanente neuf choses par ann\u00e9e scolaire. Si nous pensons \u00e0 environ 10 millions d&#8217;enfants d&#8217;\u00e2ge scolaire, cela repr\u00e9sente 90 millions d&#8217;objets perdus chaque ann\u00e9e. Cela a [&hellip;]<\/p>\n","protected":false},"author":1,"featured_media":0,"comment_status":"closed","ping_status":"open","sticky":false,"template":"","format":"standard","meta":{"rop_custom_images_group":[],"rop_custom_messages_group":[],"rop_publish_now":"initial","rop_publish_now_accounts":[],"rop_publish_now_history":[],"rop_publish_now_status":"pending","ocean_post_layout":"","ocean_both_sidebars_style":"","ocean_both_sidebars_content_width":0,"ocean_both_sidebars_sidebars_width":0,"ocean_sidebar":"","ocean_second_sidebar":"","ocean_disable_margins":"enable","ocean_add_body_class":"","ocean_shortcode_before_top_bar":"","ocean_shortcode_after_top_bar":"","ocean_shortcode_before_header":"","ocean_shortcode_after_header":"","ocean_has_shortcode":"","ocean_shortcode_after_title":"","ocean_shortcode_before_footer_widgets":"","ocean_shortcode_after_footer_widgets":"","ocean_shortcode_before_footer_bottom":"","ocean_shortcode_after_footer_bottom":"","ocean_display_top_bar":"default","ocean_display_header":"default","ocean_header_style":"","ocean_center_header_left_menu":"","ocean_custom_header_template":"","ocean_custom_logo":0,"ocean_custom_retina_logo":0,"ocean_custom_logo_max_width":0,"ocean_custom_logo_tablet_max_width":0,"ocean_custom_logo_mobile_max_width":0,"ocean_custom_logo_max_height":0,"ocean_custom_logo_tablet_max_height":0,"ocean_custom_logo_mobile_max_height":0,"ocean_header_custom_menu":"","ocean_menu_typo_font_family":"","ocean_menu_typo_font_subset":"","ocean_menu_typo_font_size":0,"ocean_menu_typo_font_size_tablet":0,"ocean_menu_typo_font_size_mobile":0,"ocean_menu_typo_font_size_unit":"px","ocean_menu_typo_font_weight":"","ocean_menu_typo_font_weight_tablet":"","ocean_menu_typo_font_weight_mobile":"","ocean_menu_typo_transform":"","ocean_menu_typo_transform_tablet":"","ocean_menu_typo_transform_mobile":"","ocean_menu_typo_line_height":0,"ocean_menu_typo_line_height_tablet":0,"ocean_menu_typo_line_height_mobile":0,"ocean_menu_typo_line_height_unit":"","ocean_menu_typo_spacing":0,"ocean_menu_typo_spacing_tablet":0,"ocean_menu_typo_spacing_mobile":0,"ocean_menu_typo_spacing_unit":"","ocean_menu_link_color":"","ocean_menu_link_color_hover":"","ocean_menu_link_color_active":"","ocean_menu_link_background":"","ocean_menu_link_hover_background":"","ocean_menu_link_active_background":"","ocean_menu_social_links_bg":"","ocean_menu_social_hover_links_bg":"","ocean_menu_social_links_color":"","ocean_menu_social_hover_links_color":"","ocean_disable_title":"default","ocean_disable_heading":"default","ocean_post_title":"","ocean_post_subheading":"","ocean_post_title_style":"","ocean_post_title_background_color":"","ocean_post_title_background":0,"ocean_post_title_bg_image_position":"","ocean_post_title_bg_image_attachment":"","ocean_post_title_bg_image_repeat":"","ocean_post_title_bg_image_size":"","ocean_post_title_height":0,"ocean_post_title_bg_overlay":0.5,"ocean_post_title_bg_overlay_color":"","ocean_disable_breadcrumbs":"default","ocean_breadcrumbs_color":"","ocean_breadcrumbs_separator_color":"","ocean_breadcrumbs_links_color":"","ocean_breadcrumbs_links_hover_color":"","ocean_display_footer_widgets":"default","ocean_display_footer_bottom":"default","ocean_custom_footer_template":"","ocean_post_oembed":"","ocean_post_self_hosted_media":"","ocean_post_video_embed":"","ocean_link_format":"","ocean_link_format_target":"self","ocean_quote_format":"","ocean_quote_format_link":"post","ocean_gallery_link_images":"on","ocean_gallery_id":[],"footnotes":""},"categories":[1],"tags":[],"class_list":["post-855","post","type-post","status-publish","format-standard","hentry","category-uncategorized","entry"],"yoast_head":"<!-- This site is optimized with the Yoast SEO plugin v27.3 - https:\/\/yoast.com\/product\/yoast-seo-wordpress\/ -->\n<title>Pourquoi les \u00e9tiquettes personnalis\u00e9es sont un incontournable de l&#039;\u00e9cole - My Nametags FR Blog<\/title>\n<meta name=\"robots\" content=\"index, follow, max-snippet:-1, max-image-preview:large, max-video-preview:-1\" \/>\n<link rel=\"canonical\" href=\"https:\/\/www.mynametags.fr\/blog\/2021\/09\/pourquoi-les-etiquettes-personnalisees-sont-un-incontournable-de-lecole\/\" \/>\n<meta property=\"og:locale\" content=\"en_US\" \/>\n<meta property=\"og:type\" content=\"article\" \/>\n<meta property=\"og:title\" content=\"Pourquoi les \u00e9tiquettes personnalis\u00e9es sont un incontournable de l&#039;\u00e9cole - My Nametags FR Blog\" \/>\n<meta property=\"og:description\" content=\"\u00c9tiqueter les affaires de vos enfants pour l&#8217;\u00e9cole a toujours \u00e9t\u00e9 important. Une \u00e9tude pr\u00e9c\u00e9dente que nous avons faite a r\u00e9v\u00e9l\u00e9 que l&#8217;enfant perd en moyenne et de fa\u00e7on permanente neuf choses par ann\u00e9e scolaire. Si nous pensons \u00e0 environ 10 millions d&#8217;enfants d&#8217;\u00e2ge scolaire, cela repr\u00e9sente 90 millions d&#8217;objets perdus chaque ann\u00e9e. Cela a [&hellip;]\" \/>\n<meta property=\"og:url\" content=\"https:\/\/www.mynametags.fr\/blog\/2021\/09\/pourquoi-les-etiquettes-personnalisees-sont-un-incontournable-de-lecole\/\" \/>\n<meta property=\"og:site_name\" content=\"My Nametags FR Blog\" \/>\n<meta property=\"article:published_time\" content=\"2021-09-28T10:25:58+00:00\" \/>\n<meta property=\"article:modified_time\" content=\"2022-03-14T15:45:40+00:00\" \/>\n<meta property=\"og:image\" content=\"https:\/\/www.mynametags.fr\/blog\/wp-content\/uploads\/2021\/09\/IMG_2953-2.jpg\" \/>\n\t<meta property=\"og:image:width\" content=\"1920\" \/>\n\t<meta property=\"og:image:height\" content=\"1280\" \/>\n\t<meta property=\"og:image:type\" content=\"image\/jpeg\" \/>\n<meta name=\"author\" content=\"admin\" \/>\n<meta name=\"twitter:card\" content=\"summary_large_image\" \/>\n<meta name=\"twitter:label1\" content=\"Written by\" \/>\n\t<meta name=\"twitter:data1\" content=\"admin\" \/>\n\t<meta name=\"twitter:label2\" content=\"Est. reading time\" \/>\n\t<meta name=\"twitter:data2\" content=\"3 minutes\" \/>\n<script type=\"application\/ld+json\" class=\"yoast-schema-graph\">{\"@context\":\"https:\\\/\\\/schema.org\",\"@graph\":[{\"@type\":\"Article\",\"@id\":\"https:\\\/\\\/www.mynametags.fr\\\/blog\\\/2021\\\/09\\\/pourquoi-les-etiquettes-personnalisees-sont-un-incontournable-de-lecole\\\/#article\",\"isPartOf\":{\"@id\":\"https:\\\/\\\/www.mynametags.fr\\\/blog\\\/2021\\\/09\\\/pourquoi-les-etiquettes-personnalisees-sont-un-incontournable-de-lecole\\\/\"},\"author\":{\"name\":\"admin\",\"@id\":\"https:\\\/\\\/www.mynametags.fr\\\/blog\\\/#\\\/schema\\\/person\\\/a953eb4e21e8eb793660cd91a2cda910\"},\"headline\":\"Pourquoi les \u00e9tiquettes personnalis\u00e9es sont un incontournable de l&#8217;\u00e9cole\",\"datePublished\":\"2021-09-28T10:25:58+00:00\",\"dateModified\":\"2022-03-14T15:45:40+00:00\",\"mainEntityOfPage\":{\"@id\":\"https:\\\/\\\/www.mynametags.fr\\\/blog\\\/2021\\\/09\\\/pourquoi-les-etiquettes-personnalisees-sont-un-incontournable-de-lecole\\\/\"},\"wordCount\":587,\"image\":{\"@id\":\"https:\\\/\\\/www.mynametags.fr\\\/blog\\\/2021\\\/09\\\/pourquoi-les-etiquettes-personnalisees-sont-un-incontournable-de-lecole\\\/#primaryimage\"},\"thumbnailUrl\":\"https:\\\/\\\/www.mynametags.fr\\\/blog\\\/wp-content\\\/uploads\\\/2021\\\/09\\\/IMG_2953-2-1024x683.jpg\",\"inLanguage\":\"en-US\"},{\"@type\":\"WebPage\",\"@id\":\"https:\\\/\\\/www.mynametags.fr\\\/blog\\\/2021\\\/09\\\/pourquoi-les-etiquettes-personnalisees-sont-un-incontournable-de-lecole\\\/\",\"url\":\"https:\\\/\\\/www.mynametags.fr\\\/blog\\\/2021\\\/09\\\/pourquoi-les-etiquettes-personnalisees-sont-un-incontournable-de-lecole\\\/\",\"name\":\"Pourquoi les \u00e9tiquettes personnalis\u00e9es sont un incontournable de l'\u00e9cole - My Nametags FR Blog\",\"isPartOf\":{\"@id\":\"https:\\\/\\\/www.mynametags.fr\\\/blog\\\/#website\"},\"primaryImageOfPage\":{\"@id\":\"https:\\\/\\\/www.mynametags.fr\\\/blog\\\/2021\\\/09\\\/pourquoi-les-etiquettes-personnalisees-sont-un-incontournable-de-lecole\\\/#primaryimage\"},\"image\":{\"@id\":\"https:\\\/\\\/www.mynametags.fr\\\/blog\\\/2021\\\/09\\\/pourquoi-les-etiquettes-personnalisees-sont-un-incontournable-de-lecole\\\/#primaryimage\"},\"thumbnailUrl\":\"https:\\\/\\\/www.mynametags.fr\\\/blog\\\/wp-content\\\/uploads\\\/2021\\\/09\\\/IMG_2953-2-1024x683.jpg\",\"datePublished\":\"2021-09-28T10:25:58+00:00\",\"dateModified\":\"2022-03-14T15:45:40+00:00\",\"author\":{\"@id\":\"https:\\\/\\\/www.mynametags.fr\\\/blog\\\/#\\\/schema\\\/person\\\/a953eb4e21e8eb793660cd91a2cda910\"},\"breadcrumb\":{\"@id\":\"https:\\\/\\\/www.mynametags.fr\\\/blog\\\/2021\\\/09\\\/pourquoi-les-etiquettes-personnalisees-sont-un-incontournable-de-lecole\\\/#breadcrumb\"},\"inLanguage\":\"en-US\",\"potentialAction\":[{\"@type\":\"ReadAction\",\"target\":[\"https:\\\/\\\/www.mynametags.fr\\\/blog\\\/2021\\\/09\\\/pourquoi-les-etiquettes-personnalisees-sont-un-incontournable-de-lecole\\\/\"]}]},{\"@type\":\"ImageObject\",\"inLanguage\":\"en-US\",\"@id\":\"https:\\\/\\\/www.mynametags.fr\\\/blog\\\/2021\\\/09\\\/pourquoi-les-etiquettes-personnalisees-sont-un-incontournable-de-lecole\\\/#primaryimage\",\"url\":\"https:\\\/\\\/www.mynametags.fr\\\/blog\\\/wp-content\\\/uploads\\\/2021\\\/09\\\/IMG_2953-2.jpg\",\"contentUrl\":\"https:\\\/\\\/www.mynametags.fr\\\/blog\\\/wp-content\\\/uploads\\\/2021\\\/09\\\/IMG_2953-2.jpg\",\"width\":1920,\"height\":1280},{\"@type\":\"BreadcrumbList\",\"@id\":\"https:\\\/\\\/www.mynametags.fr\\\/blog\\\/2021\\\/09\\\/pourquoi-les-etiquettes-personnalisees-sont-un-incontournable-de-lecole\\\/#breadcrumb\",\"itemListElement\":[{\"@type\":\"ListItem\",\"position\":1,\"name\":\"Home\",\"item\":\"https:\\\/\\\/www.mynametags.fr\\\/blog\\\/\"},{\"@type\":\"ListItem\",\"position\":2,\"name\":\"Pourquoi les \u00e9tiquettes personnalis\u00e9es sont un incontournable de l&#8217;\u00e9cole\"}]},{\"@type\":\"WebSite\",\"@id\":\"https:\\\/\\\/www.mynametags.fr\\\/blog\\\/#website\",\"url\":\"https:\\\/\\\/www.mynametags.fr\\\/blog\\\/\",\"name\":\"My Nametags FR Blog\",\"description\":\"Le blog de My Nametags\",\"potentialAction\":[{\"@type\":\"SearchAction\",\"target\":{\"@type\":\"EntryPoint\",\"urlTemplate\":\"https:\\\/\\\/www.mynametags.fr\\\/blog\\\/?s={search_term_string}\"},\"query-input\":{\"@type\":\"PropertyValueSpecification\",\"valueRequired\":true,\"valueName\":\"search_term_string\"}}],\"inLanguage\":\"en-US\"},{\"@type\":\"Person\",\"@id\":\"https:\\\/\\\/www.mynametags.fr\\\/blog\\\/#\\\/schema\\\/person\\\/a953eb4e21e8eb793660cd91a2cda910\",\"name\":\"admin\",\"image\":{\"@type\":\"ImageObject\",\"inLanguage\":\"en-US\",\"@id\":\"https:\\\/\\\/secure.gravatar.com\\\/avatar\\\/27b864c344d0ba647defbb14d62338d7e0dbb466a73b4966351866c8441fdae1?s=96&d=mm&r=g\",\"url\":\"https:\\\/\\\/secure.gravatar.com\\\/avatar\\\/27b864c344d0ba647defbb14d62338d7e0dbb466a73b4966351866c8441fdae1?s=96&d=mm&r=g\",\"contentUrl\":\"https:\\\/\\\/secure.gravatar.com\\\/avatar\\\/27b864c344d0ba647defbb14d62338d7e0dbb466a73b4966351866c8441fdae1?s=96&d=mm&r=g\",\"caption\":\"admin\"},\"url\":\"https:\\\/\\\/www.mynametags.fr\\\/blog\\\/author\\\/admin\\\/\"}]}<\/script>\n<!-- \/ Yoast SEO plugin. -->","yoast_head_json":{"title":"Pourquoi les \u00e9tiquettes personnalis\u00e9es sont un incontournable de l'\u00e9cole - My Nametags FR Blog","robots":{"index":"index","follow":"follow","max-snippet":"max-snippet:-1","max-image-preview":"max-image-preview:large","max-video-preview":"max-video-preview:-1"},"canonical":"https:\/\/www.mynametags.fr\/blog\/2021\/09\/pourquoi-les-etiquettes-personnalisees-sont-un-incontournable-de-lecole\/","og_locale":"en_US","og_type":"article","og_title":"Pourquoi les \u00e9tiquettes personnalis\u00e9es sont un incontournable de l'\u00e9cole - My Nametags FR Blog","og_description":"\u00c9tiqueter les affaires de vos enfants pour l&#8217;\u00e9cole a toujours \u00e9t\u00e9 important. Une \u00e9tude pr\u00e9c\u00e9dente que nous avons faite a r\u00e9v\u00e9l\u00e9 que l&#8217;enfant perd en moyenne et de fa\u00e7on permanente neuf choses par ann\u00e9e scolaire. Si nous pensons \u00e0 environ 10 millions d&#8217;enfants d&#8217;\u00e2ge scolaire, cela repr\u00e9sente 90 millions d&#8217;objets perdus chaque ann\u00e9e. Cela a [&hellip;]","og_url":"https:\/\/www.mynametags.fr\/blog\/2021\/09\/pourquoi-les-etiquettes-personnalisees-sont-un-incontournable-de-lecole\/","og_site_name":"My Nametags FR Blog","article_published_time":"2021-09-28T10:25:58+00:00","article_modified_time":"2022-03-14T15:45:40+00:00","og_image":[{"width":1920,"height":1280,"url":"https:\/\/www.mynametags.fr\/blog\/wp-content\/uploads\/2021\/09\/IMG_2953-2.jpg","type":"image\/jpeg"}],"author":"admin","twitter_card":"summary_large_image","twitter_misc":{"Written by":"admin","Est. reading time":"3 minutes"},"schema":{"@context":"https:\/\/schema.org","@graph":[{"@type":"Article","@id":"https:\/\/www.mynametags.fr\/blog\/2021\/09\/pourquoi-les-etiquettes-personnalisees-sont-un-incontournable-de-lecole\/#article","isPartOf":{"@id":"https:\/\/www.mynametags.fr\/blog\/2021\/09\/pourquoi-les-etiquettes-personnalisees-sont-un-incontournable-de-lecole\/"},"author":{"name":"admin","@id":"https:\/\/www.mynametags.fr\/blog\/#\/schema\/person\/a953eb4e21e8eb793660cd91a2cda910"},"headline":"Pourquoi les \u00e9tiquettes personnalis\u00e9es sont un incontournable de l&#8217;\u00e9cole","datePublished":"2021-09-28T10:25:58+00:00","dateModified":"2022-03-14T15:45:40+00:00","mainEntityOfPage":{"@id":"https:\/\/www.mynametags.fr\/blog\/2021\/09\/pourquoi-les-etiquettes-personnalisees-sont-un-incontournable-de-lecole\/"},"wordCount":587,"image":{"@id":"https:\/\/www.mynametags.fr\/blog\/2021\/09\/pourquoi-les-etiquettes-personnalisees-sont-un-incontournable-de-lecole\/#primaryimage"},"thumbnailUrl":"https:\/\/www.mynametags.fr\/blog\/wp-content\/uploads\/2021\/09\/IMG_2953-2-1024x683.jpg","inLanguage":"en-US"},{"@type":"WebPage","@id":"https:\/\/www.mynametags.fr\/blog\/2021\/09\/pourquoi-les-etiquettes-personnalisees-sont-un-incontournable-de-lecole\/","url":"https:\/\/www.mynametags.fr\/blog\/2021\/09\/pourquoi-les-etiquettes-personnalisees-sont-un-incontournable-de-lecole\/","name":"Pourquoi les \u00e9tiquettes personnalis\u00e9es sont un incontournable de l'\u00e9cole - My Nametags FR Blog","isPartOf":{"@id":"https:\/\/www.mynametags.fr\/blog\/#website"},"primaryImageOfPage":{"@id":"https:\/\/www.mynametags.fr\/blog\/2021\/09\/pourquoi-les-etiquettes-personnalisees-sont-un-incontournable-de-lecole\/#primaryimage"},"image":{"@id":"https:\/\/www.mynametags.fr\/blog\/2021\/09\/pourquoi-les-etiquettes-personnalisees-sont-un-incontournable-de-lecole\/#primaryimage"},"thumbnailUrl":"https:\/\/www.mynametags.fr\/blog\/wp-content\/uploads\/2021\/09\/IMG_2953-2-1024x683.jpg","datePublished":"2021-09-28T10:25:58+00:00","dateModified":"2022-03-14T15:45:40+00:00","author":{"@id":"https:\/\/www.mynametags.fr\/blog\/#\/schema\/person\/a953eb4e21e8eb793660cd91a2cda910"},"breadcrumb":{"@id":"https:\/\/www.mynametags.fr\/blog\/2021\/09\/pourquoi-les-etiquettes-personnalisees-sont-un-incontournable-de-lecole\/#breadcrumb"},"inLanguage":"en-US","potentialAction":[{"@type":"ReadAction","target":["https:\/\/www.mynametags.fr\/blog\/2021\/09\/pourquoi-les-etiquettes-personnalisees-sont-un-incontournable-de-lecole\/"]}]},{"@type":"ImageObject","inLanguage":"en-US","@id":"https:\/\/www.mynametags.fr\/blog\/2021\/09\/pourquoi-les-etiquettes-personnalisees-sont-un-incontournable-de-lecole\/#primaryimage","url":"https:\/\/www.mynametags.fr\/blog\/wp-content\/uploads\/2021\/09\/IMG_2953-2.jpg","contentUrl":"https:\/\/www.mynametags.fr\/blog\/wp-content\/uploads\/2021\/09\/IMG_2953-2.jpg","width":1920,"height":1280},{"@type":"BreadcrumbList","@id":"https:\/\/www.mynametags.fr\/blog\/2021\/09\/pourquoi-les-etiquettes-personnalisees-sont-un-incontournable-de-lecole\/#breadcrumb","itemListElement":[{"@type":"ListItem","position":1,"name":"Home","item":"https:\/\/www.mynametags.fr\/blog\/"},{"@type":"ListItem","position":2,"name":"Pourquoi les \u00e9tiquettes personnalis\u00e9es sont un incontournable de l&#8217;\u00e9cole"}]},{"@type":"WebSite","@id":"https:\/\/www.mynametags.fr\/blog\/#website","url":"https:\/\/www.mynametags.fr\/blog\/","name":"My Nametags FR Blog","description":"Le blog de My Nametags","potentialAction":[{"@type":"SearchAction","target":{"@type":"EntryPoint","urlTemplate":"https:\/\/www.mynametags.fr\/blog\/?s={search_term_string}"},"query-input":{"@type":"PropertyValueSpecification","valueRequired":true,"valueName":"search_term_string"}}],"inLanguage":"en-US"},{"@type":"Person","@id":"https:\/\/www.mynametags.fr\/blog\/#\/schema\/person\/a953eb4e21e8eb793660cd91a2cda910","name":"admin","image":{"@type":"ImageObject","inLanguage":"en-US","@id":"https:\/\/secure.gravatar.com\/avatar\/27b864c344d0ba647defbb14d62338d7e0dbb466a73b4966351866c8441fdae1?s=96&d=mm&r=g","url":"https:\/\/secure.gravatar.com\/avatar\/27b864c344d0ba647defbb14d62338d7e0dbb466a73b4966351866c8441fdae1?s=96&d=mm&r=g","contentUrl":"https:\/\/secure.gravatar.com\/avatar\/27b864c344d0ba647defbb14d62338d7e0dbb466a73b4966351866c8441fdae1?s=96&d=mm&r=g","caption":"admin"},"url":"https:\/\/www.mynametags.fr\/blog\/author\/admin\/"}]}},"post_mailing_queue_ids":[],"_links":{"self":[{"href":"https:\/\/www.mynametags.fr\/blog\/wp-json\/wp\/v2\/posts\/855","targetHints":{"allow":["GET"]}}],"collection":[{"href":"https:\/\/www.mynametags.fr\/blog\/wp-json\/wp\/v2\/posts"}],"about":[{"href":"https:\/\/www.mynametags.fr\/blog\/wp-json\/wp\/v2\/types\/post"}],"author":[{"embeddable":true,"href":"https:\/\/www.mynametags.fr\/blog\/wp-json\/wp\/v2\/users\/1"}],"replies":[{"embeddable":true,"href":"https:\/\/www.mynametags.fr\/blog\/wp-json\/wp\/v2\/comments?post=855"}],"version-history":[{"count":2,"href":"https:\/\/www.mynametags.fr\/blog\/wp-json\/wp\/v2\/posts\/855\/revisions"}],"predecessor-version":[{"id":859,"href":"https:\/\/www.mynametags.fr\/blog\/wp-json\/wp\/v2\/posts\/855\/revisions\/859"}],"wp:attachment":[{"href":"https:\/\/www.mynametags.fr\/blog\/wp-json\/wp\/v2\/media?parent=855"}],"wp:term":[{"taxonomy":"category","embeddable":true,"href":"https:\/\/www.mynametags.fr\/blog\/wp-json\/wp\/v2\/categories?post=855"},{"taxonomy":"post_tag","embeddable":true,"href":"https:\/\/www.mynametags.fr\/blog\/wp-json\/wp\/v2\/tags?post=855"}],"curies":[{"name":"wp","href":"https:\/\/api.w.org\/{rel}","templated":true}]}}