{"id":823,"date":"2021-04-30T10:11:48","date_gmt":"2021-04-30T10:11:48","guid":{"rendered":"https:\/\/www.mynametags.fr\/blog\/?p=823"},"modified":"2022-03-15T11:34:45","modified_gmt":"2022-03-15T11:34:45","slug":"collectez-des-fonds-pour-votre-ecole-ou-votre-creche-avec-my-nametags","status":"publish","type":"post","link":"https:\/\/www.mynametags.fr\/blog\/2021\/04\/collectez-des-fonds-pour-votre-ecole-ou-votre-creche-avec-my-nametags\/","title":{"rendered":"COLLECTEZ DES FONDS POUR VOTRE \u00c9COLE OU VOTRE CR\u00c8CHE AVEC MY NAMETAGS !"},"content":{"rendered":"\n<div class=\"wp-block-image\"><figure class=\"aligncenter size-large is-resized\"><img fetchpriority=\"high\" decoding=\"async\" src=\"https:\/\/www.mynametags.fr\/blog\/wp-content\/uploads\/2021\/04\/fundraising-01-1024x707.png\" alt=\"\" class=\"wp-image-825\" width=\"447\" height=\"308\" srcset=\"https:\/\/www.mynametags.fr\/blog\/wp-content\/uploads\/2021\/04\/fundraising-01-1024x707.png 1024w, https:\/\/www.mynametags.fr\/blog\/wp-content\/uploads\/2021\/04\/fundraising-01-300x207.png 300w, https:\/\/www.mynametags.fr\/blog\/wp-content\/uploads\/2021\/04\/fundraising-01-768x530.png 768w, https:\/\/www.mynametags.fr\/blog\/wp-content\/uploads\/2021\/04\/fundraising-01-1536x1060.png 1536w, https:\/\/www.mynametags.fr\/blog\/wp-content\/uploads\/2021\/04\/fundraising-01.png 1920w\" sizes=\"(max-width: 447px) 100vw, 447px\" \/><\/figure><\/div>\n\n\n\n<p>L\u2019\u00e9cole et la cr\u00e8che sont les lieux o\u00f9 tout commence. C\u2019est l\u00e0 que vous faites vos premiers pas par vous-m\u00eame dans le monde. Il est donc tout \u00e0 fait naturel que nous voulions que ces lieux soient les meilleurs possibles pour nos enfants.<br>Ne serait-ce pas formidable s\u2019il existait un moyen de rendre la pareille \u00e0 ces lieux qui nous ont fa\u00e7onn\u00e9s, en contribuant \u00e0 leur entretien et \u00e0 leur am\u00e9lioration ?<\/p>\n\n\n\n<p><strong>Nous souhaitons aider ! <\/strong><\/p>\n\n\n\n<p>My Nametags est fi\u00e8re d\u2019avoir mis en place un programme de collecte de fonds tr\u00e8s efficace et nous voulons le mettre en lumi\u00e8re !<br>C\u2019est l\u2019association parfaite car nos \u00e9tiquettes sont indispensables pour les \u00e9coles et les cr\u00e8ches. <a href=\"https:\/\/www.mynametags.fr\/creez-vos-nominettes\">Les \u00e9tiquettes My Nametags<\/a> sont un moyen formidable de personnaliser les articles de vos enfants &#8211; elles sont color\u00e9es, r\u00e9sistantes, lavables &#8211; tout est identifiable, du papier \u00e0 lettres aux v\u00eatements ! Vous pouvez enti\u00e8rement <a href=\"https:\/\/www.mynametags.fr\/creez-vos-nominettes\">personnaliser les \u00e9tiquettes<\/a>, en choisissant le fond, l\u2019ic\u00f4ne, la police et la couleur de la police. Les \u00e9tiquettes peuvent contenir jusqu\u2019\u00e0 3 lignes de texte, certains parents choisissent de n\u2019inscrire que le nom de l\u2019enfant, d\u2019autres ajoutent le nom de famille, la classe, le num\u00e9ro de t\u00e9l\u00e9phone, beaucoup ajoutent m\u00eame le nom de l\u2019\u00e9cole pour s\u2019assurer que les objets perdus seront retrouv\u00e9s.<\/p>\n\n\n\n<p><strong>Comment participer ? <\/strong><\/p>\n\n\n\n<p>Pour adh\u00e9rer et commencer \u00e0 collecter des fonds pour votre \u00e9cole, il vous suffit de vous inscrire. Nous vous fournissons alors un identifiant d\u2019\u00e9cole unique dont vous faites la promotion. Chaque fois que quelqu\u2019un utilisera cet identifiant pour effectuer un achat, vous serez automatiquement cr\u00e9dit\u00e9. Gr\u00e2ce \u00e0 notre programme de collecte de fonds, l\u2019association de parents d\u2019\u00e9l\u00e8ves de votre \u00e9cole ou le groupe de parents que vous connaissez dans cette \u00e9cole pourrait recevoir 24 % du total de chaque commande.Si vous souhaitez obtenir de plus amples informations, vous inscrire ou demander nos plaquettes, contactez-nous \u00e0 l\u2019adresse suivante&nbsp;:&nbsp;<a rel=\"noreferrer noopener\" aria-label=\" (opens in a new tab)\" href=\"mailto:contact@mynametags.fr\" target=\"_blank\">contact@mynametags.fr<\/a>.<\/p>\n","protected":false},"excerpt":{"rendered":"<p>L\u2019\u00e9cole et la cr\u00e8che sont les lieux o\u00f9 tout commence. C\u2019est l\u00e0 que vous faites vos premiers pas par vous-m\u00eame dans le monde. Il est donc tout \u00e0 fait naturel que nous voulions que ces lieux soient les meilleurs possibles pour nos enfants.Ne serait-ce pas formidable s\u2019il existait un moyen de rendre la pareille \u00e0 [&hellip;]<\/p>\n","protected":false},"author":1,"featured_media":0,"comment_status":"closed","ping_status":"open","sticky":false,"template":"","format":"standard","meta":{"rop_custom_images_group":[],"rop_custom_messages_group":[],"rop_publish_now":"initial","rop_publish_now_accounts":[],"rop_publish_now_history":[],"rop_publish_now_status":"pending","ocean_post_layout":"","ocean_both_sidebars_style":"","ocean_both_sidebars_content_width":0,"ocean_both_sidebars_sidebars_width":0,"ocean_sidebar":"","ocean_second_sidebar":"","ocean_disable_margins":"enable","ocean_add_body_class":"","ocean_shortcode_before_top_bar":"","ocean_shortcode_after_top_bar":"","ocean_shortcode_before_header":"","ocean_shortcode_after_header":"","ocean_has_shortcode":"","ocean_shortcode_after_title":"","ocean_shortcode_before_footer_widgets":"","ocean_shortcode_after_footer_widgets":"","ocean_shortcode_before_footer_bottom":"","ocean_shortcode_after_footer_bottom":"","ocean_display_top_bar":"default","ocean_display_header":"default","ocean_header_style":"","ocean_center_header_left_menu":"","ocean_custom_header_template":"","ocean_custom_logo":0,"ocean_custom_retina_logo":0,"ocean_custom_logo_max_width":0,"ocean_custom_logo_tablet_max_width":0,"ocean_custom_logo_mobile_max_width":0,"ocean_custom_logo_max_height":0,"ocean_custom_logo_tablet_max_height":0,"ocean_custom_logo_mobile_max_height":0,"ocean_header_custom_menu":"","ocean_menu_typo_font_family":"","ocean_menu_typo_font_subset":"","ocean_menu_typo_font_size":0,"ocean_menu_typo_font_size_tablet":0,"ocean_menu_typo_font_size_mobile":0,"ocean_menu_typo_font_size_unit":"px","ocean_menu_typo_font_weight":"","ocean_menu_typo_font_weight_tablet":"","ocean_menu_typo_font_weight_mobile":"","ocean_menu_typo_transform":"","ocean_menu_typo_transform_tablet":"","ocean_menu_typo_transform_mobile":"","ocean_menu_typo_line_height":0,"ocean_menu_typo_line_height_tablet":0,"ocean_menu_typo_line_height_mobile":0,"ocean_menu_typo_line_height_unit":"","ocean_menu_typo_spacing":0,"ocean_menu_typo_spacing_tablet":0,"ocean_menu_typo_spacing_mobile":0,"ocean_menu_typo_spacing_unit":"","ocean_menu_link_color":"","ocean_menu_link_color_hover":"","ocean_menu_link_color_active":"","ocean_menu_link_background":"","ocean_menu_link_hover_background":"","ocean_menu_link_active_background":"","ocean_menu_social_links_bg":"","ocean_menu_social_hover_links_bg":"","ocean_menu_social_links_color":"","ocean_menu_social_hover_links_color":"","ocean_disable_title":"default","ocean_disable_heading":"default","ocean_post_title":"","ocean_post_subheading":"","ocean_post_title_style":"","ocean_post_title_background_color":"","ocean_post_title_background":0,"ocean_post_title_bg_image_position":"","ocean_post_title_bg_image_attachment":"","ocean_post_title_bg_image_repeat":"","ocean_post_title_bg_image_size":"","ocean_post_title_height":0,"ocean_post_title_bg_overlay":0.5,"ocean_post_title_bg_overlay_color":"","ocean_disable_breadcrumbs":"default","ocean_breadcrumbs_color":"","ocean_breadcrumbs_separator_color":"","ocean_breadcrumbs_links_color":"","ocean_breadcrumbs_links_hover_color":"","ocean_display_footer_widgets":"default","ocean_display_footer_bottom":"default","ocean_custom_footer_template":"","ocean_post_oembed":"","ocean_post_self_hosted_media":"","ocean_post_video_embed":"","ocean_link_format":"","ocean_link_format_target":"self","ocean_quote_format":"","ocean_quote_format_link":"post","ocean_gallery_link_images":"on","ocean_gallery_id":[],"footnotes":""},"categories":[1],"tags":[],"class_list":["post-823","post","type-post","status-publish","format-standard","hentry","category-uncategorized","entry"],"yoast_head":"<!-- This site is optimized with the Yoast SEO plugin v27.3 - https:\/\/yoast.com\/product\/yoast-seo-wordpress\/ -->\n<title>COLLECTEZ DES FONDS POUR VOTRE \u00c9COLE OU VOTRE CR\u00c8CHE AVEC MY NAMETAGS ! - My Nametags FR Blog<\/title>\n<meta name=\"robots\" content=\"index, follow, max-snippet:-1, max-image-preview:large, max-video-preview:-1\" \/>\n<link rel=\"canonical\" href=\"https:\/\/www.mynametags.fr\/blog\/2021\/04\/collectez-des-fonds-pour-votre-ecole-ou-votre-creche-avec-my-nametags\/\" \/>\n<meta property=\"og:locale\" content=\"en_US\" \/>\n<meta property=\"og:type\" content=\"article\" \/>\n<meta property=\"og:title\" content=\"COLLECTEZ DES FONDS POUR VOTRE \u00c9COLE OU VOTRE CR\u00c8CHE AVEC MY NAMETAGS ! - My Nametags FR Blog\" \/>\n<meta property=\"og:description\" content=\"L\u2019\u00e9cole et la cr\u00e8che sont les lieux o\u00f9 tout commence. C\u2019est l\u00e0 que vous faites vos premiers pas par vous-m\u00eame dans le monde. Il est donc tout \u00e0 fait naturel que nous voulions que ces lieux soient les meilleurs possibles pour nos enfants.Ne serait-ce pas formidable s\u2019il existait un moyen de rendre la pareille \u00e0 [&hellip;]\" \/>\n<meta property=\"og:url\" content=\"https:\/\/www.mynametags.fr\/blog\/2021\/04\/collectez-des-fonds-pour-votre-ecole-ou-votre-creche-avec-my-nametags\/\" \/>\n<meta property=\"og:site_name\" content=\"My Nametags FR Blog\" \/>\n<meta property=\"article:published_time\" content=\"2021-04-30T10:11:48+00:00\" \/>\n<meta property=\"article:modified_time\" content=\"2022-03-15T11:34:45+00:00\" \/>\n<meta property=\"og:image\" content=\"https:\/\/www.mynametags.fr\/blog\/wp-content\/uploads\/2021\/04\/fundraising-01.png\" \/>\n\t<meta property=\"og:image:width\" content=\"1920\" \/>\n\t<meta property=\"og:image:height\" content=\"1325\" \/>\n\t<meta property=\"og:image:type\" content=\"image\/png\" \/>\n<meta name=\"author\" content=\"admin\" \/>\n<meta name=\"twitter:card\" content=\"summary_large_image\" \/>\n<meta name=\"twitter:label1\" content=\"Written by\" \/>\n\t<meta name=\"twitter:data1\" content=\"admin\" \/>\n\t<meta name=\"twitter:label2\" content=\"Est. reading time\" \/>\n\t<meta name=\"twitter:data2\" content=\"2 minutes\" \/>\n<script type=\"application\/ld+json\" class=\"yoast-schema-graph\">{\"@context\":\"https:\\\/\\\/schema.org\",\"@graph\":[{\"@type\":\"Article\",\"@id\":\"https:\\\/\\\/www.mynametags.fr\\\/blog\\\/2021\\\/04\\\/collectez-des-fonds-pour-votre-ecole-ou-votre-creche-avec-my-nametags\\\/#article\",\"isPartOf\":{\"@id\":\"https:\\\/\\\/www.mynametags.fr\\\/blog\\\/2021\\\/04\\\/collectez-des-fonds-pour-votre-ecole-ou-votre-creche-avec-my-nametags\\\/\"},\"author\":{\"name\":\"admin\",\"@id\":\"https:\\\/\\\/www.mynametags.fr\\\/blog\\\/#\\\/schema\\\/person\\\/a953eb4e21e8eb793660cd91a2cda910\"},\"headline\":\"COLLECTEZ DES FONDS POUR VOTRE \u00c9COLE OU VOTRE CR\u00c8CHE AVEC MY NAMETAGS !\",\"datePublished\":\"2021-04-30T10:11:48+00:00\",\"dateModified\":\"2022-03-15T11:34:45+00:00\",\"mainEntityOfPage\":{\"@id\":\"https:\\\/\\\/www.mynametags.fr\\\/blog\\\/2021\\\/04\\\/collectez-des-fonds-pour-votre-ecole-ou-votre-creche-avec-my-nametags\\\/\"},\"wordCount\":354,\"image\":{\"@id\":\"https:\\\/\\\/www.mynametags.fr\\\/blog\\\/2021\\\/04\\\/collectez-des-fonds-pour-votre-ecole-ou-votre-creche-avec-my-nametags\\\/#primaryimage\"},\"thumbnailUrl\":\"https:\\\/\\\/www.mynametags.fr\\\/blog\\\/wp-content\\\/uploads\\\/2021\\\/04\\\/fundraising-01-1024x707.png\",\"inLanguage\":\"en-US\"},{\"@type\":\"WebPage\",\"@id\":\"https:\\\/\\\/www.mynametags.fr\\\/blog\\\/2021\\\/04\\\/collectez-des-fonds-pour-votre-ecole-ou-votre-creche-avec-my-nametags\\\/\",\"url\":\"https:\\\/\\\/www.mynametags.fr\\\/blog\\\/2021\\\/04\\\/collectez-des-fonds-pour-votre-ecole-ou-votre-creche-avec-my-nametags\\\/\",\"name\":\"COLLECTEZ DES FONDS POUR VOTRE \u00c9COLE OU VOTRE CR\u00c8CHE AVEC MY NAMETAGS ! - My Nametags FR Blog\",\"isPartOf\":{\"@id\":\"https:\\\/\\\/www.mynametags.fr\\\/blog\\\/#website\"},\"primaryImageOfPage\":{\"@id\":\"https:\\\/\\\/www.mynametags.fr\\\/blog\\\/2021\\\/04\\\/collectez-des-fonds-pour-votre-ecole-ou-votre-creche-avec-my-nametags\\\/#primaryimage\"},\"image\":{\"@id\":\"https:\\\/\\\/www.mynametags.fr\\\/blog\\\/2021\\\/04\\\/collectez-des-fonds-pour-votre-ecole-ou-votre-creche-avec-my-nametags\\\/#primaryimage\"},\"thumbnailUrl\":\"https:\\\/\\\/www.mynametags.fr\\\/blog\\\/wp-content\\\/uploads\\\/2021\\\/04\\\/fundraising-01-1024x707.png\",\"datePublished\":\"2021-04-30T10:11:48+00:00\",\"dateModified\":\"2022-03-15T11:34:45+00:00\",\"author\":{\"@id\":\"https:\\\/\\\/www.mynametags.fr\\\/blog\\\/#\\\/schema\\\/person\\\/a953eb4e21e8eb793660cd91a2cda910\"},\"breadcrumb\":{\"@id\":\"https:\\\/\\\/www.mynametags.fr\\\/blog\\\/2021\\\/04\\\/collectez-des-fonds-pour-votre-ecole-ou-votre-creche-avec-my-nametags\\\/#breadcrumb\"},\"inLanguage\":\"en-US\",\"potentialAction\":[{\"@type\":\"ReadAction\",\"target\":[\"https:\\\/\\\/www.mynametags.fr\\\/blog\\\/2021\\\/04\\\/collectez-des-fonds-pour-votre-ecole-ou-votre-creche-avec-my-nametags\\\/\"]}]},{\"@type\":\"ImageObject\",\"inLanguage\":\"en-US\",\"@id\":\"https:\\\/\\\/www.mynametags.fr\\\/blog\\\/2021\\\/04\\\/collectez-des-fonds-pour-votre-ecole-ou-votre-creche-avec-my-nametags\\\/#primaryimage\",\"url\":\"https:\\\/\\\/www.mynametags.fr\\\/blog\\\/wp-content\\\/uploads\\\/2021\\\/04\\\/fundraising-01.png\",\"contentUrl\":\"https:\\\/\\\/www.mynametags.fr\\\/blog\\\/wp-content\\\/uploads\\\/2021\\\/04\\\/fundraising-01.png\",\"width\":1920,\"height\":1325},{\"@type\":\"BreadcrumbList\",\"@id\":\"https:\\\/\\\/www.mynametags.fr\\\/blog\\\/2021\\\/04\\\/collectez-des-fonds-pour-votre-ecole-ou-votre-creche-avec-my-nametags\\\/#breadcrumb\",\"itemListElement\":[{\"@type\":\"ListItem\",\"position\":1,\"name\":\"Home\",\"item\":\"https:\\\/\\\/www.mynametags.fr\\\/blog\\\/\"},{\"@type\":\"ListItem\",\"position\":2,\"name\":\"COLLECTEZ DES FONDS POUR VOTRE \u00c9COLE OU VOTRE CR\u00c8CHE AVEC MY NAMETAGS !\"}]},{\"@type\":\"WebSite\",\"@id\":\"https:\\\/\\\/www.mynametags.fr\\\/blog\\\/#website\",\"url\":\"https:\\\/\\\/www.mynametags.fr\\\/blog\\\/\",\"name\":\"My Nametags FR Blog\",\"description\":\"Le blog de My Nametags\",\"potentialAction\":[{\"@type\":\"SearchAction\",\"target\":{\"@type\":\"EntryPoint\",\"urlTemplate\":\"https:\\\/\\\/www.mynametags.fr\\\/blog\\\/?s={search_term_string}\"},\"query-input\":{\"@type\":\"PropertyValueSpecification\",\"valueRequired\":true,\"valueName\":\"search_term_string\"}}],\"inLanguage\":\"en-US\"},{\"@type\":\"Person\",\"@id\":\"https:\\\/\\\/www.mynametags.fr\\\/blog\\\/#\\\/schema\\\/person\\\/a953eb4e21e8eb793660cd91a2cda910\",\"name\":\"admin\",\"image\":{\"@type\":\"ImageObject\",\"inLanguage\":\"en-US\",\"@id\":\"https:\\\/\\\/secure.gravatar.com\\\/avatar\\\/27b864c344d0ba647defbb14d62338d7e0dbb466a73b4966351866c8441fdae1?s=96&d=mm&r=g\",\"url\":\"https:\\\/\\\/secure.gravatar.com\\\/avatar\\\/27b864c344d0ba647defbb14d62338d7e0dbb466a73b4966351866c8441fdae1?s=96&d=mm&r=g\",\"contentUrl\":\"https:\\\/\\\/secure.gravatar.com\\\/avatar\\\/27b864c344d0ba647defbb14d62338d7e0dbb466a73b4966351866c8441fdae1?s=96&d=mm&r=g\",\"caption\":\"admin\"},\"url\":\"https:\\\/\\\/www.mynametags.fr\\\/blog\\\/author\\\/admin\\\/\"}]}<\/script>\n<!-- \/ Yoast SEO plugin. -->","yoast_head_json":{"title":"COLLECTEZ DES FONDS POUR VOTRE \u00c9COLE OU VOTRE CR\u00c8CHE AVEC MY NAMETAGS ! - My Nametags FR Blog","robots":{"index":"index","follow":"follow","max-snippet":"max-snippet:-1","max-image-preview":"max-image-preview:large","max-video-preview":"max-video-preview:-1"},"canonical":"https:\/\/www.mynametags.fr\/blog\/2021\/04\/collectez-des-fonds-pour-votre-ecole-ou-votre-creche-avec-my-nametags\/","og_locale":"en_US","og_type":"article","og_title":"COLLECTEZ DES FONDS POUR VOTRE \u00c9COLE OU VOTRE CR\u00c8CHE AVEC MY NAMETAGS ! - My Nametags FR Blog","og_description":"L\u2019\u00e9cole et la cr\u00e8che sont les lieux o\u00f9 tout commence. C\u2019est l\u00e0 que vous faites vos premiers pas par vous-m\u00eame dans le monde. Il est donc tout \u00e0 fait naturel que nous voulions que ces lieux soient les meilleurs possibles pour nos enfants.Ne serait-ce pas formidable s\u2019il existait un moyen de rendre la pareille \u00e0 [&hellip;]","og_url":"https:\/\/www.mynametags.fr\/blog\/2021\/04\/collectez-des-fonds-pour-votre-ecole-ou-votre-creche-avec-my-nametags\/","og_site_name":"My Nametags FR Blog","article_published_time":"2021-04-30T10:11:48+00:00","article_modified_time":"2022-03-15T11:34:45+00:00","og_image":[{"width":1920,"height":1325,"url":"https:\/\/www.mynametags.fr\/blog\/wp-content\/uploads\/2021\/04\/fundraising-01.png","type":"image\/png"}],"author":"admin","twitter_card":"summary_large_image","twitter_misc":{"Written by":"admin","Est. reading time":"2 minutes"},"schema":{"@context":"https:\/\/schema.org","@graph":[{"@type":"Article","@id":"https:\/\/www.mynametags.fr\/blog\/2021\/04\/collectez-des-fonds-pour-votre-ecole-ou-votre-creche-avec-my-nametags\/#article","isPartOf":{"@id":"https:\/\/www.mynametags.fr\/blog\/2021\/04\/collectez-des-fonds-pour-votre-ecole-ou-votre-creche-avec-my-nametags\/"},"author":{"name":"admin","@id":"https:\/\/www.mynametags.fr\/blog\/#\/schema\/person\/a953eb4e21e8eb793660cd91a2cda910"},"headline":"COLLECTEZ DES FONDS POUR VOTRE \u00c9COLE OU VOTRE CR\u00c8CHE AVEC MY NAMETAGS !","datePublished":"2021-04-30T10:11:48+00:00","dateModified":"2022-03-15T11:34:45+00:00","mainEntityOfPage":{"@id":"https:\/\/www.mynametags.fr\/blog\/2021\/04\/collectez-des-fonds-pour-votre-ecole-ou-votre-creche-avec-my-nametags\/"},"wordCount":354,"image":{"@id":"https:\/\/www.mynametags.fr\/blog\/2021\/04\/collectez-des-fonds-pour-votre-ecole-ou-votre-creche-avec-my-nametags\/#primaryimage"},"thumbnailUrl":"https:\/\/www.mynametags.fr\/blog\/wp-content\/uploads\/2021\/04\/fundraising-01-1024x707.png","inLanguage":"en-US"},{"@type":"WebPage","@id":"https:\/\/www.mynametags.fr\/blog\/2021\/04\/collectez-des-fonds-pour-votre-ecole-ou-votre-creche-avec-my-nametags\/","url":"https:\/\/www.mynametags.fr\/blog\/2021\/04\/collectez-des-fonds-pour-votre-ecole-ou-votre-creche-avec-my-nametags\/","name":"COLLECTEZ DES FONDS POUR VOTRE \u00c9COLE OU VOTRE CR\u00c8CHE AVEC MY NAMETAGS ! - My Nametags FR Blog","isPartOf":{"@id":"https:\/\/www.mynametags.fr\/blog\/#website"},"primaryImageOfPage":{"@id":"https:\/\/www.mynametags.fr\/blog\/2021\/04\/collectez-des-fonds-pour-votre-ecole-ou-votre-creche-avec-my-nametags\/#primaryimage"},"image":{"@id":"https:\/\/www.mynametags.fr\/blog\/2021\/04\/collectez-des-fonds-pour-votre-ecole-ou-votre-creche-avec-my-nametags\/#primaryimage"},"thumbnailUrl":"https:\/\/www.mynametags.fr\/blog\/wp-content\/uploads\/2021\/04\/fundraising-01-1024x707.png","datePublished":"2021-04-30T10:11:48+00:00","dateModified":"2022-03-15T11:34:45+00:00","author":{"@id":"https:\/\/www.mynametags.fr\/blog\/#\/schema\/person\/a953eb4e21e8eb793660cd91a2cda910"},"breadcrumb":{"@id":"https:\/\/www.mynametags.fr\/blog\/2021\/04\/collectez-des-fonds-pour-votre-ecole-ou-votre-creche-avec-my-nametags\/#breadcrumb"},"inLanguage":"en-US","potentialAction":[{"@type":"ReadAction","target":["https:\/\/www.mynametags.fr\/blog\/2021\/04\/collectez-des-fonds-pour-votre-ecole-ou-votre-creche-avec-my-nametags\/"]}]},{"@type":"ImageObject","inLanguage":"en-US","@id":"https:\/\/www.mynametags.fr\/blog\/2021\/04\/collectez-des-fonds-pour-votre-ecole-ou-votre-creche-avec-my-nametags\/#primaryimage","url":"https:\/\/www.mynametags.fr\/blog\/wp-content\/uploads\/2021\/04\/fundraising-01.png","contentUrl":"https:\/\/www.mynametags.fr\/blog\/wp-content\/uploads\/2021\/04\/fundraising-01.png","width":1920,"height":1325},{"@type":"BreadcrumbList","@id":"https:\/\/www.mynametags.fr\/blog\/2021\/04\/collectez-des-fonds-pour-votre-ecole-ou-votre-creche-avec-my-nametags\/#breadcrumb","itemListElement":[{"@type":"ListItem","position":1,"name":"Home","item":"https:\/\/www.mynametags.fr\/blog\/"},{"@type":"ListItem","position":2,"name":"COLLECTEZ DES FONDS POUR VOTRE \u00c9COLE OU VOTRE CR\u00c8CHE AVEC MY NAMETAGS !"}]},{"@type":"WebSite","@id":"https:\/\/www.mynametags.fr\/blog\/#website","url":"https:\/\/www.mynametags.fr\/blog\/","name":"My Nametags FR Blog","description":"Le blog de My Nametags","potentialAction":[{"@type":"SearchAction","target":{"@type":"EntryPoint","urlTemplate":"https:\/\/www.mynametags.fr\/blog\/?s={search_term_string}"},"query-input":{"@type":"PropertyValueSpecification","valueRequired":true,"valueName":"search_term_string"}}],"inLanguage":"en-US"},{"@type":"Person","@id":"https:\/\/www.mynametags.fr\/blog\/#\/schema\/person\/a953eb4e21e8eb793660cd91a2cda910","name":"admin","image":{"@type":"ImageObject","inLanguage":"en-US","@id":"https:\/\/secure.gravatar.com\/avatar\/27b864c344d0ba647defbb14d62338d7e0dbb466a73b4966351866c8441fdae1?s=96&d=mm&r=g","url":"https:\/\/secure.gravatar.com\/avatar\/27b864c344d0ba647defbb14d62338d7e0dbb466a73b4966351866c8441fdae1?s=96&d=mm&r=g","contentUrl":"https:\/\/secure.gravatar.com\/avatar\/27b864c344d0ba647defbb14d62338d7e0dbb466a73b4966351866c8441fdae1?s=96&d=mm&r=g","caption":"admin"},"url":"https:\/\/www.mynametags.fr\/blog\/author\/admin\/"}]}},"post_mailing_queue_ids":[],"_links":{"self":[{"href":"https:\/\/www.mynametags.fr\/blog\/wp-json\/wp\/v2\/posts\/823","targetHints":{"allow":["GET"]}}],"collection":[{"href":"https:\/\/www.mynametags.fr\/blog\/wp-json\/wp\/v2\/posts"}],"about":[{"href":"https:\/\/www.mynametags.fr\/blog\/wp-json\/wp\/v2\/types\/post"}],"author":[{"embeddable":true,"href":"https:\/\/www.mynametags.fr\/blog\/wp-json\/wp\/v2\/users\/1"}],"replies":[{"embeddable":true,"href":"https:\/\/www.mynametags.fr\/blog\/wp-json\/wp\/v2\/comments?post=823"}],"version-history":[{"count":3,"href":"https:\/\/www.mynametags.fr\/blog\/wp-json\/wp\/v2\/posts\/823\/revisions"}],"predecessor-version":[{"id":913,"href":"https:\/\/www.mynametags.fr\/blog\/wp-json\/wp\/v2\/posts\/823\/revisions\/913"}],"wp:attachment":[{"href":"https:\/\/www.mynametags.fr\/blog\/wp-json\/wp\/v2\/media?parent=823"}],"wp:term":[{"taxonomy":"category","embeddable":true,"href":"https:\/\/www.mynametags.fr\/blog\/wp-json\/wp\/v2\/categories?post=823"},{"taxonomy":"post_tag","embeddable":true,"href":"https:\/\/www.mynametags.fr\/blog\/wp-json\/wp\/v2\/tags?post=823"}],"curies":[{"name":"wp","href":"https:\/\/api.w.org\/{rel}","templated":true}]}}