{"id":328,"date":"2017-08-03T13:00:53","date_gmt":"2017-08-03T13:00:53","guid":{"rendered":"https:\/\/www.etikol.com\/blog\/?p=328"},"modified":"2021-03-09T15:06:19","modified_gmt":"2021-03-09T15:06:19","slug":"notre-politique-respectueuse-de-lenvironnement","status":"publish","type":"post","link":"https:\/\/www.mynametags.fr\/blog\/2017\/08\/notre-politique-respectueuse-de-lenvironnement\/","title":{"rendered":"Notre politique respectueuse de l\u2019environnement"},"content":{"rendered":"<p>\u00c0 \u00c9tikol, nous nous effor\u00e7ons d\u2019\u00eatre aussi \u00e9cologique que possible en encourageant nos employ\u00e9s \u00e0 venir au travail en v\u00e9lo et en chauffant le bureau avec de l\u2019eau recycl\u00e9e.<br \/>\nNous savons que vous aimez nos \u00e9tiquettes et nous avons pens\u00e9 que vous aimeriez \u00e9galement conna\u00eetre quelques-unes de nos mesures \u00e9cologiques.<\/p>\n<p><img fetchpriority=\"high\" decoding=\"async\" class=\"aligncenter wp-image-331\" src=\"https:\/\/www.etikol.com\/blog\/wp-content\/uploads\/2017\/09\/Trees.jpg\" alt=\"Trees\" width=\"601\" height=\"399\" srcset=\"https:\/\/www.mynametags.fr\/blog\/wp-content\/uploads\/2017\/09\/Trees.jpg 960w, https:\/\/www.mynametags.fr\/blog\/wp-content\/uploads\/2017\/09\/Trees-300x198.jpg 300w, https:\/\/www.mynametags.fr\/blog\/wp-content\/uploads\/2017\/09\/Trees-768x508.jpg 768w\" sizes=\"(max-width: 601px) 100vw, 601px\" \/><\/p>\n<p><img decoding=\"async\" class=\"alignnone wp-image-333 size-full\" src=\"https:\/\/www.mynametags.fr\/blog\/wp-content\/uploads\/2017\/09\/1.png\" alt=\"1\" width=\"222\" height=\"99\" \/><\/p>\n<p>Toutes nos \u00e9tiquettes sont sans BPA et Phtalates ce qui est mieux pour les enfants et pour l\u2019environnement. Comme vous le savez, les \u00e9tiquettes \u00c9tikol sont tr\u00e8s r\u00e9sistantes. Nos \u00e9tiquettes thermocollantes et autocollantes resteront coll\u00e9es tr\u00e8s longtemps et donc ne pollueront pas.<\/p>\n<p><img decoding=\"async\" class=\"alignnone wp-image-334 size-full\" src=\"https:\/\/www.mynametags.fr\/blog\/wp-content\/uploads\/2017\/09\/2.jpg\" alt=\"2\" width=\"215\" height=\"95\" \/><\/p>\n<p>D\u00e9couvrez notre nouvel emballage \u00e9cologique! Nous avons pens\u00e9 que vous devriez \u00eatre les premiers \u00e0 savoir que nous allons l\u2019am\u00e9liorer. L\u2019emballage que vous recevrez avec vos \u00e9tiquettes \u00c9tikol sera fait de carton facilement recyclable au lieu de plastique.<\/p>\n<p><img loading=\"lazy\" decoding=\"async\" class=\"alignnone wp-image-335 size-full\" src=\"https:\/\/www.mynametags.fr\/blog\/wp-content\/uploads\/2017\/09\/3.jpg\" alt=\"3\" width=\"217\" height=\"97\" \/><\/p>\n<p>En \u00e9tiquetant toutes vos affaires, des v\u00eatements et chaussures aux sacs et fournitures scolaires vous avez moins de risque de les perdre. Ce qui fait que vous prot\u00e9gez l\u2019environnement en n\u2019ayant pas \u00e0 racheter toutes ces choses. Ce qui est particuli\u00e8rement vrai pour les objets qui se perdent facilement comme les bouteilles d\u2019eau. Notre mantra est r\u00e9duire les d\u00e9chets, acheter moins, r\u00e9utiliser plus parce que vous avez \u00e9tiquet\u00e9 vos affaires!<\/p>\n<p><img loading=\"lazy\" decoding=\"async\" class=\"alignnone wp-image-336 size-full\" src=\"https:\/\/www.mynametags.fr\/blog\/wp-content\/uploads\/2017\/09\/4.jpg\" alt=\"4\" width=\"211\" height=\"92\" \/><\/p>\n<p>Si vous avez besoin d\u2019\u00e9tiquettes, nous pouvons vous les envoyer tr\u00e8s rapidement que ce soit les autocollantes ou les thermocollantes. Les \u00e9tiquettes \u00c9tikol sont color\u00e9es, r\u00e9sistantes et imperm\u00e9ables. Pour commander et personnaliser vos \u00e9tiquettes allez sur www.etikol.com pour choisir parmi notre gamme de design et produits.<\/p>\n","protected":false},"excerpt":{"rendered":"<p>\u00c0 \u00c9tikol, nous nous effor\u00e7ons d\u2019\u00eatre aussi \u00e9cologique que possible en encourageant nos employ\u00e9s \u00e0 venir au travail en v\u00e9lo et en chauffant le bureau avec de l\u2019eau recycl\u00e9e. Nous savons que vous aimez nos \u00e9tiquettes et nous avons pens\u00e9 que vous aimeriez \u00e9galement conna\u00eetre quelques-unes de nos mesures \u00e9cologiques. Toutes nos \u00e9tiquettes sont sans [&hellip;]<\/p>\n","protected":false},"author":1,"featured_media":0,"comment_status":"closed","ping_status":"open","sticky":false,"template":"","format":"standard","meta":{"rop_custom_images_group":[],"rop_custom_messages_group":[],"rop_publish_now":"initial","rop_publish_now_accounts":[],"rop_publish_now_history":[],"rop_publish_now_status":"pending","ocean_post_layout":"","ocean_both_sidebars_style":"","ocean_both_sidebars_content_width":0,"ocean_both_sidebars_sidebars_width":0,"ocean_sidebar":"","ocean_second_sidebar":"","ocean_disable_margins":"enable","ocean_add_body_class":"","ocean_shortcode_before_top_bar":"","ocean_shortcode_after_top_bar":"","ocean_shortcode_before_header":"","ocean_shortcode_after_header":"","ocean_has_shortcode":"","ocean_shortcode_after_title":"","ocean_shortcode_before_footer_widgets":"","ocean_shortcode_after_footer_widgets":"","ocean_shortcode_before_footer_bottom":"","ocean_shortcode_after_footer_bottom":"","ocean_display_top_bar":"default","ocean_display_header":"default","ocean_header_style":"","ocean_center_header_left_menu":"","ocean_custom_header_template":"","ocean_custom_logo":0,"ocean_custom_retina_logo":0,"ocean_custom_logo_max_width":0,"ocean_custom_logo_tablet_max_width":0,"ocean_custom_logo_mobile_max_width":0,"ocean_custom_logo_max_height":0,"ocean_custom_logo_tablet_max_height":0,"ocean_custom_logo_mobile_max_height":0,"ocean_header_custom_menu":"","ocean_menu_typo_font_family":"","ocean_menu_typo_font_subset":"","ocean_menu_typo_font_size":0,"ocean_menu_typo_font_size_tablet":0,"ocean_menu_typo_font_size_mobile":0,"ocean_menu_typo_font_size_unit":"px","ocean_menu_typo_font_weight":"","ocean_menu_typo_font_weight_tablet":"","ocean_menu_typo_font_weight_mobile":"","ocean_menu_typo_transform":"","ocean_menu_typo_transform_tablet":"","ocean_menu_typo_transform_mobile":"","ocean_menu_typo_line_height":0,"ocean_menu_typo_line_height_tablet":0,"ocean_menu_typo_line_height_mobile":0,"ocean_menu_typo_line_height_unit":"","ocean_menu_typo_spacing":0,"ocean_menu_typo_spacing_tablet":0,"ocean_menu_typo_spacing_mobile":0,"ocean_menu_typo_spacing_unit":"","ocean_menu_link_color":"","ocean_menu_link_color_hover":"","ocean_menu_link_color_active":"","ocean_menu_link_background":"","ocean_menu_link_hover_background":"","ocean_menu_link_active_background":"","ocean_menu_social_links_bg":"","ocean_menu_social_hover_links_bg":"","ocean_menu_social_links_color":"","ocean_menu_social_hover_links_color":"","ocean_disable_title":"default","ocean_disable_heading":"default","ocean_post_title":"","ocean_post_subheading":"","ocean_post_title_style":"","ocean_post_title_background_color":"","ocean_post_title_background":0,"ocean_post_title_bg_image_position":"","ocean_post_title_bg_image_attachment":"","ocean_post_title_bg_image_repeat":"","ocean_post_title_bg_image_size":"","ocean_post_title_height":0,"ocean_post_title_bg_overlay":0.5,"ocean_post_title_bg_overlay_color":"","ocean_disable_breadcrumbs":"default","ocean_breadcrumbs_color":"","ocean_breadcrumbs_separator_color":"","ocean_breadcrumbs_links_color":"","ocean_breadcrumbs_links_hover_color":"","ocean_display_footer_widgets":"default","ocean_display_footer_bottom":"default","ocean_custom_footer_template":"","ocean_post_oembed":"","ocean_post_self_hosted_media":"","ocean_post_video_embed":"","ocean_link_format":"","ocean_link_format_target":"self","ocean_quote_format":"","ocean_quote_format_link":"post","ocean_gallery_link_images":"on","ocean_gallery_id":[],"footnotes":""},"categories":[125,62],"tags":[],"class_list":["post-328","post","type-post","status-publish","format-standard","hentry","category-environnement","category-etikol","entry"],"yoast_head":"<!-- This site is optimized with the Yoast SEO plugin v27.3 - https:\/\/yoast.com\/product\/yoast-seo-wordpress\/ -->\n<title>Notre politique respectueuse de l\u2019environnement - My Nametags FR Blog<\/title>\n<meta name=\"robots\" content=\"index, follow, max-snippet:-1, max-image-preview:large, max-video-preview:-1\" \/>\n<link rel=\"canonical\" href=\"https:\/\/www.mynametags.fr\/blog\/2017\/08\/notre-politique-respectueuse-de-lenvironnement\/\" \/>\n<meta property=\"og:locale\" content=\"en_US\" \/>\n<meta property=\"og:type\" content=\"article\" \/>\n<meta property=\"og:title\" content=\"Notre politique respectueuse de l\u2019environnement - My Nametags FR Blog\" \/>\n<meta property=\"og:description\" content=\"\u00c0 \u00c9tikol, nous nous effor\u00e7ons d\u2019\u00eatre aussi \u00e9cologique que possible en encourageant nos employ\u00e9s \u00e0 venir au travail en v\u00e9lo et en chauffant le bureau avec de l\u2019eau recycl\u00e9e. Nous savons que vous aimez nos \u00e9tiquettes et nous avons pens\u00e9 que vous aimeriez \u00e9galement conna\u00eetre quelques-unes de nos mesures \u00e9cologiques. Toutes nos \u00e9tiquettes sont sans [&hellip;]\" \/>\n<meta property=\"og:url\" content=\"https:\/\/www.mynametags.fr\/blog\/2017\/08\/notre-politique-respectueuse-de-lenvironnement\/\" \/>\n<meta property=\"og:site_name\" content=\"My Nametags FR Blog\" \/>\n<meta property=\"article:published_time\" content=\"2017-08-03T13:00:53+00:00\" \/>\n<meta property=\"article:modified_time\" content=\"2021-03-09T15:06:19+00:00\" \/>\n<meta property=\"og:image\" content=\"https:\/\/www.mynametags.fr\/blog\/wp-content\/uploads\/2017\/09\/Trees.jpg\" \/>\n\t<meta property=\"og:image:width\" content=\"960\" \/>\n\t<meta property=\"og:image:height\" content=\"635\" \/>\n\t<meta property=\"og:image:type\" content=\"image\/jpeg\" \/>\n<meta name=\"author\" content=\"admin\" \/>\n<meta name=\"twitter:card\" content=\"summary_large_image\" \/>\n<meta name=\"twitter:label1\" content=\"Written by\" \/>\n\t<meta name=\"twitter:data1\" content=\"admin\" \/>\n\t<meta name=\"twitter:label2\" content=\"Est. reading time\" \/>\n\t<meta name=\"twitter:data2\" content=\"1 minute\" \/>\n<script type=\"application\/ld+json\" class=\"yoast-schema-graph\">{\"@context\":\"https:\\\/\\\/schema.org\",\"@graph\":[{\"@type\":\"Article\",\"@id\":\"https:\\\/\\\/www.mynametags.fr\\\/blog\\\/2017\\\/08\\\/notre-politique-respectueuse-de-lenvironnement\\\/#article\",\"isPartOf\":{\"@id\":\"https:\\\/\\\/www.mynametags.fr\\\/blog\\\/2017\\\/08\\\/notre-politique-respectueuse-de-lenvironnement\\\/\"},\"author\":{\"name\":\"admin\",\"@id\":\"https:\\\/\\\/www.mynametags.fr\\\/blog\\\/#\\\/schema\\\/person\\\/a953eb4e21e8eb793660cd91a2cda910\"},\"headline\":\"Notre politique respectueuse de l\u2019environnement\",\"datePublished\":\"2017-08-03T13:00:53+00:00\",\"dateModified\":\"2021-03-09T15:06:19+00:00\",\"mainEntityOfPage\":{\"@id\":\"https:\\\/\\\/www.mynametags.fr\\\/blog\\\/2017\\\/08\\\/notre-politique-respectueuse-de-lenvironnement\\\/\"},\"wordCount\":280,\"image\":{\"@id\":\"https:\\\/\\\/www.mynametags.fr\\\/blog\\\/2017\\\/08\\\/notre-politique-respectueuse-de-lenvironnement\\\/#primaryimage\"},\"thumbnailUrl\":\"https:\\\/\\\/www.etikol.com\\\/blog\\\/wp-content\\\/uploads\\\/2017\\\/09\\\/Trees.jpg\",\"articleSection\":[\"environnement\",\"Etikol\"],\"inLanguage\":\"en-US\"},{\"@type\":\"WebPage\",\"@id\":\"https:\\\/\\\/www.mynametags.fr\\\/blog\\\/2017\\\/08\\\/notre-politique-respectueuse-de-lenvironnement\\\/\",\"url\":\"https:\\\/\\\/www.mynametags.fr\\\/blog\\\/2017\\\/08\\\/notre-politique-respectueuse-de-lenvironnement\\\/\",\"name\":\"Notre politique respectueuse de l\u2019environnement - My Nametags FR Blog\",\"isPartOf\":{\"@id\":\"https:\\\/\\\/www.mynametags.fr\\\/blog\\\/#website\"},\"primaryImageOfPage\":{\"@id\":\"https:\\\/\\\/www.mynametags.fr\\\/blog\\\/2017\\\/08\\\/notre-politique-respectueuse-de-lenvironnement\\\/#primaryimage\"},\"image\":{\"@id\":\"https:\\\/\\\/www.mynametags.fr\\\/blog\\\/2017\\\/08\\\/notre-politique-respectueuse-de-lenvironnement\\\/#primaryimage\"},\"thumbnailUrl\":\"https:\\\/\\\/www.etikol.com\\\/blog\\\/wp-content\\\/uploads\\\/2017\\\/09\\\/Trees.jpg\",\"datePublished\":\"2017-08-03T13:00:53+00:00\",\"dateModified\":\"2021-03-09T15:06:19+00:00\",\"author\":{\"@id\":\"https:\\\/\\\/www.mynametags.fr\\\/blog\\\/#\\\/schema\\\/person\\\/a953eb4e21e8eb793660cd91a2cda910\"},\"breadcrumb\":{\"@id\":\"https:\\\/\\\/www.mynametags.fr\\\/blog\\\/2017\\\/08\\\/notre-politique-respectueuse-de-lenvironnement\\\/#breadcrumb\"},\"inLanguage\":\"en-US\",\"potentialAction\":[{\"@type\":\"ReadAction\",\"target\":[\"https:\\\/\\\/www.mynametags.fr\\\/blog\\\/2017\\\/08\\\/notre-politique-respectueuse-de-lenvironnement\\\/\"]}]},{\"@type\":\"ImageObject\",\"inLanguage\":\"en-US\",\"@id\":\"https:\\\/\\\/www.mynametags.fr\\\/blog\\\/2017\\\/08\\\/notre-politique-respectueuse-de-lenvironnement\\\/#primaryimage\",\"url\":\"https:\\\/\\\/www.etikol.com\\\/blog\\\/wp-content\\\/uploads\\\/2017\\\/09\\\/Trees.jpg\",\"contentUrl\":\"https:\\\/\\\/www.etikol.com\\\/blog\\\/wp-content\\\/uploads\\\/2017\\\/09\\\/Trees.jpg\"},{\"@type\":\"BreadcrumbList\",\"@id\":\"https:\\\/\\\/www.mynametags.fr\\\/blog\\\/2017\\\/08\\\/notre-politique-respectueuse-de-lenvironnement\\\/#breadcrumb\",\"itemListElement\":[{\"@type\":\"ListItem\",\"position\":1,\"name\":\"Home\",\"item\":\"https:\\\/\\\/www.mynametags.fr\\\/blog\\\/\"},{\"@type\":\"ListItem\",\"position\":2,\"name\":\"Notre politique respectueuse de l\u2019environnement\"}]},{\"@type\":\"WebSite\",\"@id\":\"https:\\\/\\\/www.mynametags.fr\\\/blog\\\/#website\",\"url\":\"https:\\\/\\\/www.mynametags.fr\\\/blog\\\/\",\"name\":\"My Nametags FR Blog\",\"description\":\"Le blog de My Nametags\",\"potentialAction\":[{\"@type\":\"SearchAction\",\"target\":{\"@type\":\"EntryPoint\",\"urlTemplate\":\"https:\\\/\\\/www.mynametags.fr\\\/blog\\\/?s={search_term_string}\"},\"query-input\":{\"@type\":\"PropertyValueSpecification\",\"valueRequired\":true,\"valueName\":\"search_term_string\"}}],\"inLanguage\":\"en-US\"},{\"@type\":\"Person\",\"@id\":\"https:\\\/\\\/www.mynametags.fr\\\/blog\\\/#\\\/schema\\\/person\\\/a953eb4e21e8eb793660cd91a2cda910\",\"name\":\"admin\",\"image\":{\"@type\":\"ImageObject\",\"inLanguage\":\"en-US\",\"@id\":\"https:\\\/\\\/secure.gravatar.com\\\/avatar\\\/27b864c344d0ba647defbb14d62338d7e0dbb466a73b4966351866c8441fdae1?s=96&d=mm&r=g\",\"url\":\"https:\\\/\\\/secure.gravatar.com\\\/avatar\\\/27b864c344d0ba647defbb14d62338d7e0dbb466a73b4966351866c8441fdae1?s=96&d=mm&r=g\",\"contentUrl\":\"https:\\\/\\\/secure.gravatar.com\\\/avatar\\\/27b864c344d0ba647defbb14d62338d7e0dbb466a73b4966351866c8441fdae1?s=96&d=mm&r=g\",\"caption\":\"admin\"},\"url\":\"https:\\\/\\\/www.mynametags.fr\\\/blog\\\/author\\\/admin\\\/\"}]}<\/script>\n<!-- \/ Yoast SEO plugin. -->","yoast_head_json":{"title":"Notre politique respectueuse de l\u2019environnement - My Nametags FR Blog","robots":{"index":"index","follow":"follow","max-snippet":"max-snippet:-1","max-image-preview":"max-image-preview:large","max-video-preview":"max-video-preview:-1"},"canonical":"https:\/\/www.mynametags.fr\/blog\/2017\/08\/notre-politique-respectueuse-de-lenvironnement\/","og_locale":"en_US","og_type":"article","og_title":"Notre politique respectueuse de l\u2019environnement - My Nametags FR Blog","og_description":"\u00c0 \u00c9tikol, nous nous effor\u00e7ons d\u2019\u00eatre aussi \u00e9cologique que possible en encourageant nos employ\u00e9s \u00e0 venir au travail en v\u00e9lo et en chauffant le bureau avec de l\u2019eau recycl\u00e9e. Nous savons que vous aimez nos \u00e9tiquettes et nous avons pens\u00e9 que vous aimeriez \u00e9galement conna\u00eetre quelques-unes de nos mesures \u00e9cologiques. Toutes nos \u00e9tiquettes sont sans [&hellip;]","og_url":"https:\/\/www.mynametags.fr\/blog\/2017\/08\/notre-politique-respectueuse-de-lenvironnement\/","og_site_name":"My Nametags FR Blog","article_published_time":"2017-08-03T13:00:53+00:00","article_modified_time":"2021-03-09T15:06:19+00:00","og_image":[{"width":960,"height":635,"url":"https:\/\/www.mynametags.fr\/blog\/wp-content\/uploads\/2017\/09\/Trees.jpg","type":"image\/jpeg"}],"author":"admin","twitter_card":"summary_large_image","twitter_misc":{"Written by":"admin","Est. reading time":"1 minute"},"schema":{"@context":"https:\/\/schema.org","@graph":[{"@type":"Article","@id":"https:\/\/www.mynametags.fr\/blog\/2017\/08\/notre-politique-respectueuse-de-lenvironnement\/#article","isPartOf":{"@id":"https:\/\/www.mynametags.fr\/blog\/2017\/08\/notre-politique-respectueuse-de-lenvironnement\/"},"author":{"name":"admin","@id":"https:\/\/www.mynametags.fr\/blog\/#\/schema\/person\/a953eb4e21e8eb793660cd91a2cda910"},"headline":"Notre politique respectueuse de l\u2019environnement","datePublished":"2017-08-03T13:00:53+00:00","dateModified":"2021-03-09T15:06:19+00:00","mainEntityOfPage":{"@id":"https:\/\/www.mynametags.fr\/blog\/2017\/08\/notre-politique-respectueuse-de-lenvironnement\/"},"wordCount":280,"image":{"@id":"https:\/\/www.mynametags.fr\/blog\/2017\/08\/notre-politique-respectueuse-de-lenvironnement\/#primaryimage"},"thumbnailUrl":"https:\/\/www.etikol.com\/blog\/wp-content\/uploads\/2017\/09\/Trees.jpg","articleSection":["environnement","Etikol"],"inLanguage":"en-US"},{"@type":"WebPage","@id":"https:\/\/www.mynametags.fr\/blog\/2017\/08\/notre-politique-respectueuse-de-lenvironnement\/","url":"https:\/\/www.mynametags.fr\/blog\/2017\/08\/notre-politique-respectueuse-de-lenvironnement\/","name":"Notre politique respectueuse de l\u2019environnement - My Nametags FR Blog","isPartOf":{"@id":"https:\/\/www.mynametags.fr\/blog\/#website"},"primaryImageOfPage":{"@id":"https:\/\/www.mynametags.fr\/blog\/2017\/08\/notre-politique-respectueuse-de-lenvironnement\/#primaryimage"},"image":{"@id":"https:\/\/www.mynametags.fr\/blog\/2017\/08\/notre-politique-respectueuse-de-lenvironnement\/#primaryimage"},"thumbnailUrl":"https:\/\/www.etikol.com\/blog\/wp-content\/uploads\/2017\/09\/Trees.jpg","datePublished":"2017-08-03T13:00:53+00:00","dateModified":"2021-03-09T15:06:19+00:00","author":{"@id":"https:\/\/www.mynametags.fr\/blog\/#\/schema\/person\/a953eb4e21e8eb793660cd91a2cda910"},"breadcrumb":{"@id":"https:\/\/www.mynametags.fr\/blog\/2017\/08\/notre-politique-respectueuse-de-lenvironnement\/#breadcrumb"},"inLanguage":"en-US","potentialAction":[{"@type":"ReadAction","target":["https:\/\/www.mynametags.fr\/blog\/2017\/08\/notre-politique-respectueuse-de-lenvironnement\/"]}]},{"@type":"ImageObject","inLanguage":"en-US","@id":"https:\/\/www.mynametags.fr\/blog\/2017\/08\/notre-politique-respectueuse-de-lenvironnement\/#primaryimage","url":"https:\/\/www.etikol.com\/blog\/wp-content\/uploads\/2017\/09\/Trees.jpg","contentUrl":"https:\/\/www.etikol.com\/blog\/wp-content\/uploads\/2017\/09\/Trees.jpg"},{"@type":"BreadcrumbList","@id":"https:\/\/www.mynametags.fr\/blog\/2017\/08\/notre-politique-respectueuse-de-lenvironnement\/#breadcrumb","itemListElement":[{"@type":"ListItem","position":1,"name":"Home","item":"https:\/\/www.mynametags.fr\/blog\/"},{"@type":"ListItem","position":2,"name":"Notre politique respectueuse de l\u2019environnement"}]},{"@type":"WebSite","@id":"https:\/\/www.mynametags.fr\/blog\/#website","url":"https:\/\/www.mynametags.fr\/blog\/","name":"My Nametags FR Blog","description":"Le blog de My Nametags","potentialAction":[{"@type":"SearchAction","target":{"@type":"EntryPoint","urlTemplate":"https:\/\/www.mynametags.fr\/blog\/?s={search_term_string}"},"query-input":{"@type":"PropertyValueSpecification","valueRequired":true,"valueName":"search_term_string"}}],"inLanguage":"en-US"},{"@type":"Person","@id":"https:\/\/www.mynametags.fr\/blog\/#\/schema\/person\/a953eb4e21e8eb793660cd91a2cda910","name":"admin","image":{"@type":"ImageObject","inLanguage":"en-US","@id":"https:\/\/secure.gravatar.com\/avatar\/27b864c344d0ba647defbb14d62338d7e0dbb466a73b4966351866c8441fdae1?s=96&d=mm&r=g","url":"https:\/\/secure.gravatar.com\/avatar\/27b864c344d0ba647defbb14d62338d7e0dbb466a73b4966351866c8441fdae1?s=96&d=mm&r=g","contentUrl":"https:\/\/secure.gravatar.com\/avatar\/27b864c344d0ba647defbb14d62338d7e0dbb466a73b4966351866c8441fdae1?s=96&d=mm&r=g","caption":"admin"},"url":"https:\/\/www.mynametags.fr\/blog\/author\/admin\/"}]}},"post_mailing_queue_ids":[],"_links":{"self":[{"href":"https:\/\/www.mynametags.fr\/blog\/wp-json\/wp\/v2\/posts\/328","targetHints":{"allow":["GET"]}}],"collection":[{"href":"https:\/\/www.mynametags.fr\/blog\/wp-json\/wp\/v2\/posts"}],"about":[{"href":"https:\/\/www.mynametags.fr\/blog\/wp-json\/wp\/v2\/types\/post"}],"author":[{"embeddable":true,"href":"https:\/\/www.mynametags.fr\/blog\/wp-json\/wp\/v2\/users\/1"}],"replies":[{"embeddable":true,"href":"https:\/\/www.mynametags.fr\/blog\/wp-json\/wp\/v2\/comments?post=328"}],"version-history":[{"count":5,"href":"https:\/\/www.mynametags.fr\/blog\/wp-json\/wp\/v2\/posts\/328\/revisions"}],"predecessor-version":[{"id":812,"href":"https:\/\/www.mynametags.fr\/blog\/wp-json\/wp\/v2\/posts\/328\/revisions\/812"}],"wp:attachment":[{"href":"https:\/\/www.mynametags.fr\/blog\/wp-json\/wp\/v2\/media?parent=328"}],"wp:term":[{"taxonomy":"category","embeddable":true,"href":"https:\/\/www.mynametags.fr\/blog\/wp-json\/wp\/v2\/categories?post=328"},{"taxonomy":"post_tag","embeddable":true,"href":"https:\/\/www.mynametags.fr\/blog\/wp-json\/wp\/v2\/tags?post=328"}],"curies":[{"name":"wp","href":"https:\/\/api.w.org\/{rel}","templated":true}]}}